{"id":36,"date":"2024-05-22T08:23:22","date_gmt":"2024-05-22T08:23:22","guid":{"rendered":"https:\/\/blog.darinaroessl.com\/?p=36"},"modified":"2024-05-22T10:29:12","modified_gmt":"2024-05-22T10:29:12","slug":"zmena-kariery-po-50","status":"publish","type":"post","link":"https:\/\/migrace.darinaroessl.com\/?p=36","title":{"rendered":"Zm\u011bna kari\u00e9ry po 50?"},"content":{"rendered":"\n<p>Ned\u00e1vno jsem vid\u011bla mil\u00fd optimistick\u00fd tweet Douglase Lumsdena, kter\u00fd ob\u011bhl snad v\u0161echny mo\u017en\u00e9 platformy sv\u011bta, mo\u017en\u00e1 jste jej tak\u00e9 zaznamenali \u2013 j\u00e1 jsem ho zachytila na LinkedIn. V\u0161ude skl\u00edzel \u201elajky\u201c, oslovoval a inspiroval spoustu lid\u00ed, kte\u0159\u00ed najednou sd\u00edleli i sv\u00e9 vlastn\u00ed \u017eivotn\u00ed p\u0159\u00edb\u011bhy. Zd\u00e1 se, \u017ee \u017eivot um\u00ed b\u00fdt opravdu skv\u011bl\u00fd, a p\u0159itom nez\u00e1le\u017e\u00ed na tom, kolik je v\u00e1m let. &nbsp;<\/p>\n\n\n\n<p>Tento \u010dl\u00e1nek asi nebude \u00fapln\u011b pro Generace Z, Y nebo pro mileni\u00e1ly \u2013 omlouv\u00e1m se, p\u0159\u00e1tel\u00e9. I kdy\u017e \u2013 mo\u017en\u00e1 to nevzd\u00e1vejte tak rychle, a pokud do\u010dtete do konce, najdete tak\u00e9 sv\u016fj d\u00edl inspirace.<\/p>\n\n\n\n<p>Douglas za\u010dal svou vysn\u011bnou pr\u00e1ci v 51 letech (mimochodem j\u00e1 tak\u00e9!) S l\u00e1skou sv\u00e9ho \u017eivota se o\u017eenil p\u00e1r let na to \u2013 tak\u017ee ani v tomto bod\u011b nevzd\u00e1v\u00e1m nad\u011bji!&nbsp;<\/p>\n\n\n\n<p>Svoji prvn\u00ed knihu Douglas vydal v 67 letech (kolega Martin to stihl daleko d\u0159\u00edv \u2013 ale j\u00e1 m\u00e1m tedy je\u0161t\u011b \u010dasu a \u010dasu!) &#8211; no a zd\u00e1 se, \u017ee se mu (Douglasovi) da\u0159\u00ed po\u0159\u00e1d skv\u011ble, proto\u017ee se pr\u00fd nem\u016f\u017ee do\u010dkat, a\u017e mu bude p\u0159\u00ed\u0161t\u00ed rok 70!&nbsp;<\/p>\n\n\n\n<p>Takov\u00e1 porce optimismu je naka\u017eliv\u00e1, ur\u010dit\u011b to d\u00fdchlo i na v\u00e1s.<\/p>\n\n\n\n<p>Je Douglas n\u011b\u010d\u00edm v\u00fdjime\u010dn\u00fd, nebo to, o \u010dem mluv\u00ed, m\u016f\u017eeme d\u011blat \u010di \u017e\u00edt v\u0161ichni? Jak to v TOMTO v\u011bku funguje? Pro\u010d se n\u011bkte\u0159\u00ed lid\u00e9 c\u00edt\u00ed na d\u016fchod a n\u011bkte\u0159\u00ed na to, aby se nau\u010dili l\u00e9tat? Je to mo\u017en\u00e9, nebo je to jedine\u010dn\u00e9 a vz\u00e1cn\u00e9?<\/p>\n\n\n\n<p>Za\u010dala jsem p\u00e1trat v\u00edc, hledala odpov\u011bdi na v\u0161echny sv\u00e9 ot\u00e1zky \u2013 a pro netrp\u011bliv\u00e9 \u010dten\u00e1\u0159e: jednoduch\u00e1 odpov\u011b\u010f zn\u00ed ANO! NIKDY NEN\u00cd POZD\u011a!&nbsp;<\/p>\n\n\n\n<p>Ani pro va\u0161i kari\u00e9ru, ani pro zm\u011bnu va\u0161eho \u017eivota. \u017dijeme d\u00e9le, do d\u016fchodu odch\u00e1z\u00edme pozd\u011bji a st\u00e1le v\u00edce se zam\u011b\u0159ujeme na kvalitu sv\u00e9ho \u017eivota. Z\u00e1le\u017e\u00ed n\u00e1m na tom, jak str\u00e1v\u00edme sv\u016fj \u017eivotn\u00ed \u010das.&nbsp;<\/p>\n\n\n\n<p>A jak takovou zm\u011bnu zvl\u00e1dnout? Existuj\u00ed t\u0159eba n\u011bjak\u00e1 pravidla nebo doporu\u010den\u00ed, jak zvl\u00e1dnout kari\u00e9rn\u00ed zm\u011bnu, kdy\u017e je v\u00e1m 40 &#8211; 50 &#8211; 60 let nebo je\u0161t\u011b v\u00edce? P\u00e1r jsem jich pro v\u00e1s na\u0161la.&nbsp;<\/p>\n\n\n\n<p>Vyzkou\u0161ejte t\u0159eba tyto t\u0159i kl\u00ed\u010de k \u00fasp\u011b\u0161n\u00e9 kari\u00e9rn\u00ed zm\u011bn\u011b, kter\u00e9 zmi\u0148uje Marie Forleo.&nbsp;<\/p>\n\n\n\n<p>Prvn\u00edm z nich je zbavit se p\u0159edsudk\u016f typu &#8222;je p\u0159\u00edli\u0161 pozd\u011b \/ jsem p\u0159\u00edli\u0161 star\u00fd&#8220;. Nikoho krom\u011b v\u00e1s toti\u017e nezaj\u00edm\u00e1, kolik v\u00e1m je let! Chcete-li se vymanit z \u201eageismu\u201c, zkuste na chvilku zapomenout na vn\u011bj\u0161\u00ed sv\u011bt a zam\u011b\u0159it se na sv\u011bt vnit\u0159n\u00ed, na sv\u00e9 vlastn\u00ed my\u0161lenky. Pr\u016fm\u011brn\u00fd produktivn\u00ed v\u011bk se zvy\u0161uje, lid\u00e9 odch\u00e1zej\u00ed do d\u016fchodu mnohem pozd\u011bji. Podle studi\u00ed bude v p\u0159\u00ed\u0161t\u00edch n\u011bkolika letech v\u00edce ne\u017e 25 % pracovn\u00ed s\u00edly star\u0161\u00ed 55 let. V\u00fdzkumy ukazuj\u00ed, \u017ee pr\u00e1v\u011b lid\u00e9 ve v\u011bku 55+ vykazuj\u00ed v posledn\u00edm desetilet\u00ed celosv\u011btov\u011b nejvy\u0161\u0161\u00ed m\u00edru aktivity p\u0159i zakl\u00e1d\u00e1n\u00ed podnik\u016f (zdroj: Global Entrepreneurship Monitor). Takov\u00fd za\u010d\u00e1tek ji\u017e toti\u017e nen\u00ed z nuly \u2013 m\u00e1te spoustu zku\u0161enost\u00ed, moudrosti a dovednost\u00ed.&nbsp;<\/p>\n\n\n\n<p>A i kdy\u017e u\u017e m\u00e1te spoustu v\u011bdomost\u00ed a praxe, neusn\u011bte na vav\u0159\u00ednech. Marie ve sv\u00e9m druh\u00e9m kl\u00ed\u010di doporu\u010duje pokra\u010dovat v dal\u0161\u00edm sebevzd\u011bl\u00e1v\u00e1n\u00ed a tak\u00e9 v udr\u017eov\u00e1n\u00ed si znalost\u00ed o trhu, trendech a odv\u011btv\u00ed \u2013 sledujte v\u0161e, co se t\u00fdk\u00e1 va\u0161\u00ed vysn\u011bn\u00e9 pr\u00e1ce.<\/p>\n\n\n\n<p>Kl\u00ed\u010dem \u010d. 3 je zapracovat na sv\u00e9 akceschopnosti. Zde u\u017e jde do tuh\u00e9ho, d\u00e1my a p\u00e1nov\u00e9\u2026 Vykro\u010d\u00edte? M\u00e1te toti\u017e na v\u00fdb\u011br \u2013 bu\u010f budete sed\u011bt a p\u0159em\u00fd\u0161let, jak stresuj\u00edc\u00ed m\u016f\u017ee b\u00fdt ud\u011blat zm\u011bnu, kolik p\u0159ek\u00e1\u017eek v\u00e1m to do \u017eivota p\u0159inese, nebo prost\u011b p\u016fjdete do toho.&nbsp;<\/p>\n\n\n\n<p>A zde plat\u00ed zlat\u00e9 pravidlo mal\u00fdch kr\u016f\u010dk\u016f, kter\u00e9 sv\u00e9 klienty v\u017edy u\u010d\u00edm \u2013 v\u011b\u0159te, funguje dokonale a zvl\u00e1dnete tak i velk\u00e9 v\u011bci!&nbsp;<\/p>\n\n\n\n<p>Pod\u00edvejte se na horizont, kam sm\u011b\u0159ujete a cestu rozd\u011blte na mal\u00e9 \u00faseky. Ka\u017ed\u00fd den na t\u00e9to cest\u011b ud\u011blejte jen n\u011bkolik mal\u00fdch krok\u016f a pomalu pozvolna se takto p\u0159ibli\u017eujte ke sv\u00e9 nov\u00e9 kari\u00e9\u0159e. Postupn\u011b si tak vytvo\u0159\u00edte n\u00e1vyk, kter\u00fd se stane sou\u010d\u00e1st\u00ed va\u0161eho ka\u017edodenn\u00edho \u017eivota. P\u0159i tom se v\u017edy soust\u0159e\u010fte na &#8222;tady a te\u010f&#8220;, ned\u00edvejte se daleko do budoucnosti, riskujete toti\u017e, \u017ee velk\u00e1 porce pr\u00e1ce, kter\u00e1 v\u00e1s \u010dek\u00e1, v\u00e1s m\u016f\u017ee zastavit a zabr\u00e1nit v\u00e1m v posunu kup\u0159edu. Bu\u010fte neust\u00e1le p\u0159\u00edtomni zde \u201ena zemi\u201c a st\u00e1le se ptejte sebe sama na dal\u0161\u00ed spr\u00e1vn\u00fd ak\u010dn\u00ed krok, prost\u011b jen na ten jeden n\u00e1sleduj\u00edc\u00ed &#8211; a ud\u011blejte ho (jakkoli jednoduch\u00fd a mal\u00fd se v danou chv\u00edli zd\u00e1)!<\/p>\n\n\n\n<p>B\u011bhem sv\u00e9 poradensk\u00e9 praxe se setk\u00e1v\u00e1m s lidmi, kte\u0159\u00ed jsou skute\u010dn\u011b p\u0159ipraveni na posun sm\u011brem k nov\u00e9 kari\u00e9\u0159e nebo \u017eivotn\u00ed zm\u011bn\u011b. Je pro m\u011b velmi inspiruj\u00edc\u00ed a motivuj\u00edc\u00ed vid\u011bt je v\u0161echny na jejich cest\u011b, jak d\u011blaj\u00ed v\u0161echny ty mal\u00e9 kr\u016f\u010dky vedouc\u00ed ke skv\u011bl\u00e9mu v\u00fdsledku \u2013 \u0161t\u011bst\u00ed a napln\u011bn\u00ed jejich \u017eivota.<\/p>\n\n\n\n<p>Pokud po\u0159\u00e1d v\u00e1h\u00e1te, zda p\u0159eci jen u\u017e nen\u00ed pozd\u011b, zde je mal\u00fd n\u00e1hled na t\u00e9ma Late bloomers.<\/p>\n\n\n\n<p>Late bloomers jsou lid\u00e9, kte\u0159\u00ed usp\u011bli ve sv\u00e9 kari\u00e9\u0159e &#8222;o n\u011bco pozd\u011bji&#8220;, je to zaj\u00edmav\u00fd fenom\u00e9n, kter\u00fd v posledn\u00ed dob\u011b p\u0159itahuje mnoho novin\u00e1\u0159\u016f, personalist\u016f a mana\u017eer\u016f. Existuje toti\u017e spousta v\u011bdeck\u00fdch d\u016fkaz\u016f o tom, \u017ee mnoho lid\u00ed objev\u00ed sv\u00e9 talenty a nad\u00e1n\u00ed a\u017e o n\u011bco pozd\u011bji ve sv\u00e9m \u017eivot\u011b.&nbsp;<\/p>\n\n\n\n<p>Rodi\u010de samoz\u0159ejm\u011b o\u010dek\u00e1vaj\u00ed, \u017ee jejich d\u011bti usp\u011bj\u00ed hned po absolvov\u00e1n\u00ed pe\u010dliv\u011b a strategicky vybran\u00e9 a velmi drah\u00e9 univerzity a ud\u011blaj\u00ed obrovskou a rychlou kari\u00e9ru jako nap\u0159. Mark Zuckerberg nebo Steve Jobs. Rodi\u010de, te\u010f \u010dt\u011bte pozorn\u011b a uberte \u2013 n\u00e1tlak, kter\u00fd d\u011bti v takov\u00e9 situaci c\u00edt\u00ed, se m\u00edj\u00ed \u00fa\u010dinkem.&nbsp;<\/p>\n\n\n\n<p>A ty dobr\u00e9 v\u011bci mohou p\u0159ij\u00edt i k t\u011bm, kte\u0159\u00ed si jednodu\u0161e po\u010dkaj\u00ed. T\u011bm, co dos\u00e1hli prvn\u00edch \u00fasp\u011bch\u016f ji\u017e v ml\u00e1d\u00ed, m\u016f\u017eeme aplaudovat nebo i tro\u0161ku z\u00e1vid\u011bt.&nbsp;<\/p>\n\n\n\n<p>Ale kdy\u017e se \u00fasp\u011bch dostav\u00ed a\u017e v pozd\u011bj\u0161\u00edm v\u011bku, um\u00edme se zpravidla l\u00e9pe vyrovnat se v\u0161\u00edm, co s sebou p\u0159in\u00e1\u0161\u00ed. M\u00e1me ji\u017e jin\u00fd, zralej\u0161\u00ed hodnotov\u00fd \u017eeb\u0159\u00ed\u010dek, vy\u0161\u0161\u00ed \u00farove\u0148 odolnosti a na\u0161e vysp\u011blost se projevuje v mnoha dal\u0161\u00edch ohledech. Tak\u017ee \u2013 v\u011bk je jen \u010d\u00edslo \u2013 p\u0159esta\u0148te jej \u0159e\u0161it a zkoumat, ne\u010dekejte na zm\u011bnu, ud\u011blejte ji!<\/p>\n\n\n\n<p>Dr\u017e\u00edm v\u00e1m palce!<\/p>\n\n\n\n<p>Darina R\u00f6ssl<\/p>\n\n\n\n<p>P.S. Pokud v\u00e1h\u00e1te, jak na tu spr\u00e1vnou zm\u011bnu va\u0161eho \u017eivota, kter\u00e1 v\u00e1m p\u0159inese do \u017eivota radost, zkuste j\u00ed postavit na sv\u00fdch talentech \u2013 jen tak bude fungovat dlouhodob\u011b, s lehkost\u00ed a p\u0159inese v\u00e1m opravdu \u0161t\u011bst\u00ed. Sv\u00e9 talenty ur\u010dit\u011b intuitivn\u011b zn\u00e1te, ale m\u016f\u017eeme je spole\u010dn\u011b zm\u011b\u0159it.<\/p>\n","protected":false},"excerpt":{"rendered":"<p>Ned\u00e1vno jsem vid\u011bla mil\u00fd optimistick\u00fd tweet Douglase Lumsdena, kter\u00fd ob\u011bhl snad v\u0161echny mo\u017en\u00e9 platformy sv\u011bta, mo\u017en\u00e1 jste jej tak\u00e9 zaznamenali \u2013 j\u00e1 jsem ho zachytila na LinkedIn. V\u0161ude skl\u00edzel \u201elajky\u201c, oslovoval a inspiroval spoustu lid\u00ed, kte\u0159\u00ed najednou sd\u00edleli i sv\u00e9 vlastn\u00ed \u017eivotn\u00ed p\u0159\u00edb\u011bhy. Zd\u00e1 se, \u017ee \u017eivot um\u00ed b\u00fdt opravdu skv\u011bl\u00fd, a p\u0159itom nez\u00e1le\u017e\u00ed na &hellip; <a href=\"https:\/\/migrace.darinaroessl.com\/?p=36\" class=\"more-link\">Pokra\u010dov\u00e1n\u00ed textu <span class=\"screen-reader-text\">Zm\u011bna kari\u00e9ry po 50?<\/span><\/a><\/p>\n","protected":false},"author":1,"featured_media":21,"comment_status":"open","ping_status":"open","sticky":false,"template":"","format":"standard","meta":{"footnotes":""},"categories":[1],"tags":[],"class_list":["post-36","post","type-post","status-publish","format-standard","has-post-thumbnail","hentry","category-clanky"],"_links":{"self":[{"href":"https:\/\/migrace.darinaroessl.com\/index.php?rest_route=\/wp\/v2\/posts\/36","targetHints":{"allow":["GET"]}}],"collection":[{"href":"https:\/\/migrace.darinaroessl.com\/index.php?rest_route=\/wp\/v2\/posts"}],"about":[{"href":"https:\/\/migrace.darinaroessl.com\/index.php?rest_route=\/wp\/v2\/types\/post"}],"author":[{"embeddable":true,"href":"https:\/\/migrace.darinaroessl.com\/index.php?rest_route=\/wp\/v2\/users\/1"}],"replies":[{"embeddable":true,"href":"https:\/\/migrace.darinaroessl.com\/index.php?rest_route=%2Fwp%2Fv2%2Fcomments&post=36"}],"version-history":[{"count":3,"href":"https:\/\/migrace.darinaroessl.com\/index.php?rest_route=\/wp\/v2\/posts\/36\/revisions"}],"predecessor-version":[{"id":83,"href":"https:\/\/migrace.darinaroessl.com\/index.php?rest_route=\/wp\/v2\/posts\/36\/revisions\/83"}],"wp:featuredmedia":[{"embeddable":true,"href":"https:\/\/migrace.darinaroessl.com\/index.php?rest_route=\/wp\/v2\/media\/21"}],"wp:attachment":[{"href":"https:\/\/migrace.darinaroessl.com\/index.php?rest_route=%2Fwp%2Fv2%2Fmedia&parent=36"}],"wp:term":[{"taxonomy":"category","embeddable":true,"href":"https:\/\/migrace.darinaroessl.com\/index.php?rest_route=%2Fwp%2Fv2%2Fcategories&post=36"},{"taxonomy":"post_tag","embeddable":true,"href":"https:\/\/migrace.darinaroessl.com\/index.php?rest_route=%2Fwp%2Fv2%2Ftags&post=36"}],"curies":[{"name":"wp","href":"https:\/\/api.w.org\/{rel}","templated":true}]}}